{"id":293,"date":"2025-02-20T17:41:14","date_gmt":"2025-02-20T16:41:14","guid":{"rendered":"https:\/\/www.ajttemuseivanner.se\/start\/?p=293"},"modified":"2025-02-20T17:44:06","modified_gmt":"2025-02-20T16:44:06","slug":"smaskrifter-och-medlemskort","status":"publish","type":"post","link":"https:\/\/www.ajttemuseivanner.se\/start\/smaskrifter-och-medlemskort\/","title":{"rendered":"\u00c5rets stipendiat 2025: Liv Aira"},"content":{"rendered":"<p>\u00c1jtte Musei V\u00e4nner har som <strong>2025 \u00e5rs stipendiat<\/strong> utsett<strong> Liv Aira <\/strong> med f\u00f6ljande motivering:<em><br \/>\n<\/em><\/p>\n<blockquote><p>\nLiv har med sin unika dansstil arbetat f\u00f6r konstn\u00e4rlig f\u00f6rnyelse i S\u00e1pmi och genom flera nydanande konstprojekt verkat f\u00f6r samarbeten mellan olika samiska konstn\u00e4rer. Med scenkonsten utvecklar Liv p\u00e5 detta s\u00e4tt den samiska kulturens m\u00e5nga unika sidor. Hennes verk \u00e4r helt enkelt en k\u00e4rleksf\u00f6rklaring till S\u00e1pmi! Liv hedrar Vuollerim i v\u00e5r kommun genom att d\u00e4r nyligen ha invigt det f\u00f6rsta samiska danscentrumet i v\u00e4rlden!\n<\/p><\/blockquote>\n<p><img loading=\"lazy\" decoding=\"async\" src=\"http:\/\/www.ajttemuseivanner.se\/start\/wp-content\/uploads\/2025\/02\/diplom-1024x724.png\" alt=\"\" width=\"752\" height=\"532\" class=\"alignnone size-large wp-image-290\" srcset=\"https:\/\/www.ajttemuseivanner.se\/start\/wp-content\/uploads\/2025\/02\/diplom-1024x724.png 1024w, https:\/\/www.ajttemuseivanner.se\/start\/wp-content\/uploads\/2025\/02\/diplom-300x212.png 300w, https:\/\/www.ajttemuseivanner.se\/start\/wp-content\/uploads\/2025\/02\/diplom-768x543.png 768w, https:\/\/www.ajttemuseivanner.se\/start\/wp-content\/uploads\/2025\/02\/diplom-1536x1086.png 1536w, https:\/\/www.ajttemuseivanner.se\/start\/wp-content\/uploads\/2025\/02\/diplom.png 2000w\" sizes=\"auto, (max-width: 752px) 100vw, 752px\" \/><\/p>\n","protected":false},"excerpt":{"rendered":"<p>\u00c1jtte Musei V\u00e4nner har som 2025 \u00e5rs stipendiat utsett Liv Aira med f\u00f6ljande motivering: Liv har med sin unika dansstil arbetat f\u00f6r konstn\u00e4rlig f\u00f6rnyelse i S\u00e1pmi och genom flera nydanande konstprojekt verkat f\u00f6r samarbeten mellan olika samiska konstn\u00e4rer. Med scenkonsten utvecklar Liv p\u00e5 detta s\u00e4tt den samiska kulturens m\u00e5nga unika sidor. Hennes verk \u00e4r helt&hellip;<\/p>\n<p class=\"more-link-p\"><a class=\"btn btn-primary\" href=\"https:\/\/www.ajttemuseivanner.se\/start\/smaskrifter-och-medlemskort\/\">Read more &rarr;<\/a><\/p>\n","protected":false},"author":8,"featured_media":0,"comment_status":"open","ping_status":"open","sticky":false,"template":"","format":"standard","meta":{"_monsterinsights_skip_tracking":false,"_monsterinsights_sitenote_active":false,"_monsterinsights_sitenote_note":"","_monsterinsights_sitenote_category":0,"footnotes":""},"categories":[1],"tags":[],"class_list":["post-293","post","type-post","status-publish","format-standard","hentry","category-okategoriserade"],"_links":{"self":[{"href":"https:\/\/www.ajttemuseivanner.se\/start\/wp-json\/wp\/v2\/posts\/293","targetHints":{"allow":["GET"]}}],"collection":[{"href":"https:\/\/www.ajttemuseivanner.se\/start\/wp-json\/wp\/v2\/posts"}],"about":[{"href":"https:\/\/www.ajttemuseivanner.se\/start\/wp-json\/wp\/v2\/types\/post"}],"author":[{"embeddable":true,"href":"https:\/\/www.ajttemuseivanner.se\/start\/wp-json\/wp\/v2\/users\/8"}],"replies":[{"embeddable":true,"href":"https:\/\/www.ajttemuseivanner.se\/start\/wp-json\/wp\/v2\/comments?post=293"}],"version-history":[{"count":5,"href":"https:\/\/www.ajttemuseivanner.se\/start\/wp-json\/wp\/v2\/posts\/293\/revisions"}],"predecessor-version":[{"id":299,"href":"https:\/\/www.ajttemuseivanner.se\/start\/wp-json\/wp\/v2\/posts\/293\/revisions\/299"}],"wp:attachment":[{"href":"https:\/\/www.ajttemuseivanner.se\/start\/wp-json\/wp\/v2\/media?parent=293"}],"wp:term":[{"taxonomy":"category","embeddable":true,"href":"https:\/\/www.ajttemuseivanner.se\/start\/wp-json\/wp\/v2\/categories?post=293"},{"taxonomy":"post_tag","embeddable":true,"href":"https:\/\/www.ajttemuseivanner.se\/start\/wp-json\/wp\/v2\/tags?post=293"}],"curies":[{"name":"wp","href":"https:\/\/api.w.org\/{rel}","templated":true}]}}