{"id":305,"date":"2025-03-31T21:11:49","date_gmt":"2025-03-31T19:11:49","guid":{"rendered":"https:\/\/www.ajttemuseivanner.se\/start\/?p=305"},"modified":"2025-03-31T21:14:09","modified_gmt":"2025-03-31T19:14:09","slug":"varbrev-2025","status":"publish","type":"post","link":"https:\/\/www.ajttemuseivanner.se\/start\/varbrev-2025\/","title":{"rendered":"V\u00e5rbrev 2025"},"content":{"rendered":"<p><img loading=\"lazy\" decoding=\"async\" class=\"alignnone size-large wp-image-307\" src=\"http:\/\/www.ajttemuseivanner.se\/start\/wp-content\/uploads\/2025\/03\/20250329_141455-1024x577.jpg\" alt=\"\" width=\"752\" height=\"424\" srcset=\"https:\/\/www.ajttemuseivanner.se\/start\/wp-content\/uploads\/2025\/03\/20250329_141455-1024x577.jpg 1024w, https:\/\/www.ajttemuseivanner.se\/start\/wp-content\/uploads\/2025\/03\/20250329_141455-300x169.jpg 300w, https:\/\/www.ajttemuseivanner.se\/start\/wp-content\/uploads\/2025\/03\/20250329_141455-768x432.jpg 768w, https:\/\/www.ajttemuseivanner.se\/start\/wp-content\/uploads\/2025\/03\/20250329_141455-1536x865.jpg 1536w, https:\/\/www.ajttemuseivanner.se\/start\/wp-content\/uploads\/2025\/03\/20250329_141455-2048x1153.jpg 2048w\" sizes=\"auto, (max-width: 752px) 100vw, 752px\" \/><\/p>\n<p>Ute bl\u00e5ser v\u00e5rvindar friska. I f\u00f6reningen har vi ett lugnare tempo men en hel del finns att ber\u00e4tta. S\u00e5 h\u00e4r kommer v\u00e5rbrevet!<\/p>\n<p>Vi har haft \u00e5rsm\u00f6te i god ordning och f\u00e5tt en ny styrelse. Vilka som ing\u00e5r i styrelsen finner du p\u00e5 f\u00f6reningens hemsida under rubriken f\u00f6rtroendevalda. Vi \u00e4r n\u00e5gra som \u00e4r nya p\u00e5 v\u00e5ra poster och vi ska f\u00f6rs\u00f6ka fullf\u00f6lja f\u00f6reningens uppdrag p\u00e5 b\u00e4sta s\u00e4tt.<\/p>\n<p>Vi har nu g\u00e5tt igenom aktuellt medlemsregistret, skickat ut medlemskort och sm\u00e5skriften \u201dSkogen\u201d skriven av Tor Tuorda till er. Vi vill i det sammanhanget p\u00e5minna om att vi vill ha era mailadresser f\u00f6r att i f\u00f6rsta hand kunna ge er information om aktualiteter via mail. Att skicka brev har blivit v\u00e4ldigt dyrt och osmidigt. Anm\u00e4l er adress om ni inte redan har gjort det. Skriv till v\u00e5r mailbox; museivanner@ajtte.com<\/p>\n<p>Mail, v\u00e5r hemsida, \u00c1jttes hemsida samt annonsering p\u00e5 samh\u00e4llet \u00e4r v\u00e5ra kanaler att kommunicera med oss\/er medlemmar, s\u00e5 h\u00e5ll utkik!<\/p>\n<p>Vi har flera planerade aktiviteter i v\u00e5r;<\/p>\n<p>10\/4 18:30 p\u00e5 Tjallegoahte f\u00e5r vi h\u00f6ra Tor Tuorda prata om sm\u00e5skriften 2025. Den heter \u201dSkogen\u201d och utg\u00f6r en hyllning till gammelskogen, utifr\u00e5n Kvikkjokks horisont. Den \u00e4r en andlig upplevelse med vackra bilder, fina dikter och texter. Tack Tor f\u00f6r den och v\u00e4lkomna alla till en intressant kv\u00e4ll!<\/p>\n<p>Samma kv\u00e4ll har vi \u00e4ven bjudit in \u00e5rets stipendiat, dansaren och konstn\u00e4ren Liv Aira, f\u00f6r att \u00f6verl\u00e4mna diplom och stipendiesumma till henne. Buoris boahtem Liv!<\/p>\n<p>I maj avser n\u00e5gra medlemmar fr\u00e5n Etnografiska museets museif\u00f6rening i Stockholm bes\u00f6ka Jokkmokk. De \u00e4r sannolikt h\u00e4r 15-17\/5 och bes\u00f6k p\u00e5 \u00c1jtte och i Fj\u00e4lltr\u00e4dg\u00e5rden \u00e4r givna aktiviteter. Under en av dagarna t\u00e4nkte vi fr\u00e5n \u00c1jtte musei v\u00e4nner erbjuda dem umg\u00e4nge och ett program. Planering p\u00e5g\u00e5r ang\u00e5ende detta. Vi \u00e5terkommer med detaljerna. Hoppas ni har tid att vara med! H\u00f6r av er om ni har n\u00e5gon ide om vad vi ska hitta p\u00e5.<\/p>\n<p>\u00c1jtte vill upprusta och underh\u00e5lla museiparken utanf\u00f6r museet i sommar. de har gjort en f\u00f6rfr\u00e5gan om vi museiv\u00e4nner vill vara med och utf\u00f6ra n\u00e5gra dagsverken i museiparken. Arbetet kommer nog ske i form av tre dagsverk, ett vardera i juni, juli respektive augusti. Arbetet som ska utf\u00f6ras \u00e4r; rensa sly, st\u00e4da och risa k\u00e5torna m.m. Vill ni vara med? Anm\u00e4l er till ordf\u00f6rande lars@lehman.nu<\/p>\n<p>Midsommardagen 21\/6 reser vi med buss till vackra Kvikkjokk p\u00e5 en gemnsam tur med Jokkmokks f\u00f6rsamling. Det blir gudstj\u00e4nst, information och rundvandring i byn m.m. Ni tar med egen lunchmats\u00e4ck. Vi eldar och bjuder p\u00e5 fika. Anm\u00e4lan sker till anna.p.granlund@svenskakyrkan.se eller anncharlotte.sjaggo@gmail.com . V\u00e4l m\u00f6tt!<\/p>\n<p>Som sagt h\u00e5ll \u00f6gon och \u00f6ron \u00f6ppna f\u00f6r vidare information om v\u00e5ra aktiviteter.<\/p>\n<p>Styrelsen<\/p>\n","protected":false},"excerpt":{"rendered":"<p>Ute bl\u00e5ser v\u00e5rvindar friska. I f\u00f6reningen har vi ett lugnare tempo men en hel del finns att ber\u00e4tta. S\u00e5 h\u00e4r kommer v\u00e5rbrevet! Vi har haft \u00e5rsm\u00f6te i god ordning och f\u00e5tt en ny styrelse. Vilka som ing\u00e5r i styrelsen finner du p\u00e5 f\u00f6reningens hemsida under rubriken f\u00f6rtroendevalda. Vi \u00e4r n\u00e5gra som \u00e4r nya p\u00e5 v\u00e5ra&hellip;<\/p>\n<p class=\"more-link-p\"><a class=\"btn btn-primary\" href=\"https:\/\/www.ajttemuseivanner.se\/start\/varbrev-2025\/\">Read more &rarr;<\/a><\/p>\n","protected":false},"author":8,"featured_media":0,"comment_status":"open","ping_status":"open","sticky":false,"template":"","format":"standard","meta":{"_monsterinsights_skip_tracking":false,"_monsterinsights_sitenote_active":false,"_monsterinsights_sitenote_note":"","_monsterinsights_sitenote_category":0,"footnotes":""},"categories":[1],"tags":[],"class_list":["post-305","post","type-post","status-publish","format-standard","hentry","category-okategoriserade"],"_links":{"self":[{"href":"https:\/\/www.ajttemuseivanner.se\/start\/wp-json\/wp\/v2\/posts\/305","targetHints":{"allow":["GET"]}}],"collection":[{"href":"https:\/\/www.ajttemuseivanner.se\/start\/wp-json\/wp\/v2\/posts"}],"about":[{"href":"https:\/\/www.ajttemuseivanner.se\/start\/wp-json\/wp\/v2\/types\/post"}],"author":[{"embeddable":true,"href":"https:\/\/www.ajttemuseivanner.se\/start\/wp-json\/wp\/v2\/users\/8"}],"replies":[{"embeddable":true,"href":"https:\/\/www.ajttemuseivanner.se\/start\/wp-json\/wp\/v2\/comments?post=305"}],"version-history":[{"count":3,"href":"https:\/\/www.ajttemuseivanner.se\/start\/wp-json\/wp\/v2\/posts\/305\/revisions"}],"predecessor-version":[{"id":309,"href":"https:\/\/www.ajttemuseivanner.se\/start\/wp-json\/wp\/v2\/posts\/305\/revisions\/309"}],"wp:attachment":[{"href":"https:\/\/www.ajttemuseivanner.se\/start\/wp-json\/wp\/v2\/media?parent=305"}],"wp:term":[{"taxonomy":"category","embeddable":true,"href":"https:\/\/www.ajttemuseivanner.se\/start\/wp-json\/wp\/v2\/categories?post=305"},{"taxonomy":"post_tag","embeddable":true,"href":"https:\/\/www.ajttemuseivanner.se\/start\/wp-json\/wp\/v2\/tags?post=305"}],"curies":[{"name":"wp","href":"https:\/\/api.w.org\/{rel}","templated":true}]}}